{"id":15,"date":"2022-10-16T04:29:02","date_gmt":"2022-10-16T04:29:02","guid":{"rendered":"https:\/\/ukraine-rous.fr\/?p=15"},"modified":"2025-07-04T19:59:10","modified_gmt":"2025-07-04T18:59:10","slug":"la-russie-est-elle-invincible","status":"publish","type":"post","link":"https:\/\/ukraine-rous.fr\/?p=15","title":{"rendered":"La Russie est-elle invincible ?"},"content":{"rendered":"\n<p class=\"chapeau\">Pour la premi\u00e8re fois en fran\u00e7ais, un article de Dmytro Dontsov publi\u00e9 juste avant la Guerre de Cor\u00e9e (et toujours d&rsquo;actualit\u00e9). Le plus anti-moscovite des intellectuels ukrainiens de son temps soutient que les succ\u00e8s de l&#8217;empire tsariste et sovi\u00e9tique face aux invasions ne r\u00e9sultent pas de capacit\u00e9s militaires sup\u00e9rieures, mais de facteurs politiques.<\/p>\n\n\n\n<div style=\"height:100px\" aria-hidden=\"true\" class=\"wp-block-spacer\"><\/div>\n\n\n\n<p class=\"has-text-align-center traducteur\"><strong>Dmytro Dontsov<\/strong><br><em>de l&rsquo;ukrainien par Nicolas Mazuryk<\/em><\/p>\n\n\n\n<p class=\"has-drop-cap\">Les politi\u0441\u0456ens, qui ne s\u2019en tiennent qu&rsquo;\u00e0 la surface des \u00e9v\u00e9nements, et intimid\u00e9s qu\u2019ils sont par la surface, la superficie de la Russie, tiennent cette derni\u00e8re pour un g\u00e9ant invincible. Outre cette surface, ils avancent bien s\u00fbr en guise de preuve, des faits historiques : la campagne d\u00e9sastreuse de Napol\u00e9on en Russie, celle de Charles XII avant lui, celles de Guillaume II et d\u2019Hitler apr\u00e8s lui. Les faits sont les faits, encore faut-il pouvoir les expliquer.<\/p>\n\n\n\n<p>Je pose d\u2019embl\u00e9e la th\u00e8se que j\u2019essaierai de d\u00e9montrer dans ce bref article ou, \u00e0 tout le moins, de pr\u00e9senter comme d\u00e9montrable, et cette th\u00e8se l\u00e0 voici&nbsp;: ce qui explique les succ\u00e8s de la Moscovie face \u00e0 tous ses assaillants ne sont pas de nature militaro-strat\u00e9gique, mais politique.&nbsp;&nbsp;<\/p>\n\n\n\n<p class=\"has-large-font-size\"><strong>1709<\/strong><\/p>\n\n\n\n<p>Prenons la campagne de <strong>Charles XII de Su\u00e8de <\/strong>contre le tsar Piotr.<sup class=\"modern-footnotes-footnote modern-footnotes-footnote--hover-on-desktop \" data-mfn=\"1\" data-mfn-post-scope=\"00000000000007780000000000000000_15\"><a href=\"javascript:void(0)\"  role=\"button\" aria-pressed=\"false\" aria-describedby=\"mfn-content-00000000000007780000000000000000_15-1\">1<\/a><\/sup><span id=\"mfn-content-00000000000007780000000000000000_15-1\" role=\"tooltip\" class=\"modern-footnotes-footnote__note\" tabindex=\"0\" data-mfn=\"1\">Pierre 1er<\/span> Contrairement \u00e0 ce qu\u2019avancent les historiens russes et certains historiens ukrainiens perdus dans leur sillage, la campagne de Charles XII avait autant de chance d\u2019aboutir que d\u2019\u00e9chouer. Le g\u00e9n\u00e9ral Younakiv dans son ouvrage capital sur la <em>Grande guerre du Nord<\/em><sup class=\"modern-footnotes-footnote modern-footnotes-footnote--hover-on-desktop \" data-mfn=\"2\" data-mfn-post-scope=\"00000000000007780000000000000000_15\"><a href=\"javascript:void(0)\"  role=\"button\" aria-pressed=\"false\" aria-describedby=\"mfn-content-00000000000007780000000000000000_15-2\">2<\/a><\/sup><span id=\"mfn-content-00000000000007780000000000000000_15-2\" role=\"tooltip\" class=\"modern-footnotes-footnote__note\" tabindex=\"0\" data-mfn=\"2\">Nikola\u00ef Younakov (en russe), officier ukrainien ayant occup\u00e9 de hauts postes d&rsquo;\u00e9tat-major au sein de l&rsquo;arm\u00e9e imp\u00e9riale puis ukrainienne. Son \u0153uvre fondamentale, \u00ab\u00a0La Grande Guerre du Nord\u00a0\u00bb, fut publi\u00e9e en deux tomes \u00e0 Saint-P\u00e9tersbourg en 1909.<\/span>, d\u00e9montre que Charles XII avait jet\u00e9 la Moscovie au seuil du tr\u00e9pas. L\u2019auteur de l\u2019<em>Oxford History of Eastern Europe<\/em> soutient que l\u2019alliance avec l&rsquo;hetman <strong>Maz\u00e8pa <\/strong>\u00e9tait pour Charles XII le seul coup politique \u00e0 jouer. Or son exp\u00e9dition fut un \u00e9chec. Et \u00e0 cause de quoi ? De la politique \u00e0 courte vue des \u00c9tats europ\u00e9ens qui lui fit obstacle. Le Danemark et la Pologne, afin de contrer la Su\u00e8de, se rang\u00e8rent aux c\u00f4t\u00e9s de Piotr. C&rsquo;en fut trop pour la Su\u00e8de esseul\u00e9e\u2026<\/p>\n\n\n\n<p class=\"has-large-font-size\"><strong>1711<\/strong><\/p>\n\n\n\n<p>Deux ans apr\u00e8s la bataille de Poltava, l\u2019hetman <strong>Philippe Orlyk<\/strong><sup class=\"modern-footnotes-footnote modern-footnotes-footnote--hover-on-desktop \" data-mfn=\"3\" data-mfn-post-scope=\"00000000000007780000000000000000_15\"><a href=\"javascript:void(0)\"  role=\"button\" aria-pressed=\"false\" aria-describedby=\"mfn-content-00000000000007780000000000000000_15-3\">3<\/a><\/sup><span id=\"mfn-content-00000000000007780000000000000000_15-3\" role=\"tooltip\" class=\"modern-footnotes-footnote__note\" tabindex=\"0\" data-mfn=\"3\">Apr\u00e8s la d\u00e9faite de Poltava, Maz\u00e8pa et Orlyk se replient avec Charles XII dans l&rsquo;actuelle Moldavie. Orlyk y r\u00e9digera la fameuse Constitution de Bend\u00e8r. <\/span> \u00e9tait parvenu par ses talents de diplomate \u00e0 attirer la Turquie dans une guerre contre le tsar Piotr. Dans les steppes de la Prouth, l\u2019arm\u00e9e tsarienne et Piotr lui-m\u00eame se retrouv\u00e8rent encercl\u00e9s par les Turcs, si bien que le tsar \u2013 dans le droit fil des \u00e9v\u00e9nements \u2013 aurait d\u00fb capituler et se constituer prisonnier. On peut imaginer l\u2019impact que cette fin de carri\u00e8re peu glorieuse aurait pu avoir sur le destin de la Russie&nbsp;! Or il en advint autrement. S\u00e9duit par les parures et les charmes de la tsarine Yekaterina (cette premi\u00e8re Catherine \u00e9tant aussi catin-de-tr\u00f4ne que la seconde) le vizir daigna se pr\u00eater \u00e0 une ran\u00e7on puis sortit le tsar et son arm\u00e9e d\u2019un d\u00e9sastre certain en \u00e9change d&rsquo;une paix garantisant d&rsquo;ind\u00e9pendance de l\u2019Ukraine, paix infamante que Piotr une fois sorti d\u2019affaire n\u2019entendrait pour rien au monde respecter. En 1711, tout comme en 1709, ce n\u2019est pas l\u2019impossibilit\u00e9 de vaincre militairement la Moscovie qui la sauva, mais la malencontreuse politique d\u2019hommes d\u2019\u00c9tat turcs et occidentaux.<\/p>\n\n\n\n<p>La Russie, apr\u00e8s le \u00ab&nbsp;<em>temps des troubles&nbsp;<\/em>\u00bb<sup class=\"modern-footnotes-footnote modern-footnotes-footnote--hover-on-desktop \" data-mfn=\"4\" data-mfn-post-scope=\"00000000000007780000000000000000_15\"><a href=\"javascript:void(0)\"  role=\"button\" aria-pressed=\"false\" aria-describedby=\"mfn-content-00000000000007780000000000000000_15-4\">4<\/a><\/sup><span id=\"mfn-content-00000000000007780000000000000000_15-4\" role=\"tooltip\" class=\"modern-footnotes-footnote__note\" tabindex=\"0\" data-mfn=\"4\">Temps des troubles : de 1584 (mort d\u2019Ivan le Terrible) \u00e0 1613.<\/span> avait bien grandi, et une fois encore, gr\u00e2ce aux tergiversations politiques de l\u2019Occident. Au temps d\u2019Ivan le Terrible d\u00e9j\u00e0, certains hommes politiques clairvoyants, mais isol\u00e9s h\u00e9las, avaient \u00e9mis plus d\u2019un appel \u00e0 la prudence face aux p\u00e9rils de l\u2019expansion moscovite. <\/p>\n\n\n\n<p>En 1571, le c\u00e9l\u00e8bre <strong>duc d\u2019Albe<\/strong> mettait d\u00e9j\u00e0 en garde les \u00c9tats de l\u2019Empire germanique contre la livraison d\u2019artillerie et autre armement moderne aux Moskals, car disait-il, <em>lorsque le tsar moscovite sera dot\u00e9 des derni\u00e8res innovations techniques et militaires, cela fera de lui un ennemi plus puissant et plus terrible encore, non seulement pour l\u2019Allemagne, mais pour l\u2019Occident<\/em>. Occident alors plus occup\u00e9 \u00e0 faire commerce que penser aux p\u00e9rils du lendemain.<\/p>\n\n\n\n<p>Cette \u00e9poque ne manque pas non plus de projets d\u2019invasion de l&#8217;empire moscovite par la mer Blanche, projets \u00e9tablis dans le moindre d\u00e9tail par d\u2019anciens mercenaires \u00e9trangers ayant longtemps servi au sein des <em>opritchniks du tsar<\/em><sup class=\"modern-footnotes-footnote modern-footnotes-footnote--hover-on-desktop \" data-mfn=\"5\" data-mfn-post-scope=\"00000000000007780000000000000000_15\"><a href=\"javascript:void(0)\"  role=\"button\" aria-pressed=\"false\" aria-describedby=\"mfn-content-00000000000007780000000000000000_15-5\">5<\/a><\/sup><span id=\"mfn-content-00000000000007780000000000000000_15-5\" role=\"tooltip\" class=\"modern-footnotes-footnote__note\" tabindex=\"0\" data-mfn=\"5\">Escadrons de la mort.<\/span>, \u00ab&nbsp;\u00e9ternel ennemi de la Chr\u00e9tient\u00e9 et abominable tyran&nbsp;\u00bb. L\u2019un d\u2019eux, par ses bons conseils, ira jusqu&rsquo;\u00e0 recommander la meilleure fa\u00e7on de lever les troupes n\u00e9cessaires \u00e0 un tel projet, conseils que les bolcheviks suivent de nos jours bien souvent (en Espagne, en Gr\u00e8ce). A savoir : lever un corps international dans la masse des soldats demeur\u00e9s sans feu ni lieu apr\u00e8s les guerres de l\u2019\u00e9poque, et errant par masses enti\u00e8res aux quatre coins de l\u2019Europe occidentale. Mais ni ces projets ni les mises en garde du<strong> <\/strong>duc d\u2019Albe n&rsquo;allaient rendre la lutte contre le p\u00e9ril moscovite populaire en Europe. Quant aux mises en garde et l\u2019action diplomatique de l\u2019hetman \u00e9migr\u00e9 Philippe Orlyk, elles n\u2019auront gu\u00e8re plus d\u2019influence sur la politique europ\u00e9enne sur ce point.<\/p>\n\n\n<div class=\"wp-block-image wp-duotone-unset-1\">\n<figure class=\"aligncenter size-large is-resized\"><img loading=\"lazy\" decoding=\"async\" width=\"717\" height=\"1024\" src=\"https:\/\/ukraine-rous.fr\/wp-content\/uploads\/2022\/10\/1812-Gustave-Dore-717x1024.png\" alt=\"\" class=\"wp-image-3190\" style=\"width:450px;height:auto\" srcset=\"https:\/\/ukraine-rous.fr\/wp-content\/uploads\/2022\/10\/1812-Gustave-Dore-717x1024.png 717w, https:\/\/ukraine-rous.fr\/wp-content\/uploads\/2022\/10\/1812-Gustave-Dore-210x300.png 210w, https:\/\/ukraine-rous.fr\/wp-content\/uploads\/2022\/10\/1812-Gustave-Dore-768x1097.png 768w, https:\/\/ukraine-rous.fr\/wp-content\/uploads\/2022\/10\/1812-Gustave-Dore-400x571.png 400w, https:\/\/ukraine-rous.fr\/wp-content\/uploads\/2022\/10\/1812-Gustave-Dore.png 784w\" sizes=\"auto, (max-width: 717px) 100vw, 717px\" \/><figcaption class=\"wp-element-caption\">Gustave Dor\u00e9, in \u00ab\u00a0Histoire de la Sainte Russie\u00a0\u00bb, 1854. <sup class=\"modern-footnotes-footnote modern-footnotes-footnote--hover-on-desktop \" data-mfn=\"6\" data-mfn-post-scope=\"00000000000007780000000000000000_15\"><a href=\"javascript:void(0)\"  role=\"button\" aria-pressed=\"false\" aria-describedby=\"mfn-content-00000000000007780000000000000000_15-6\">6<\/a><\/sup><span id=\"mfn-content-00000000000007780000000000000000_15-6\" role=\"tooltip\" class=\"modern-footnotes-footnote__note\" tabindex=\"0\" data-mfn=\"6\">Ce pamphlet satirique tr\u00e8s violent est dirig\u00e9 contre les men\u00e9es de Russie en Orient, notamment en Crim\u00e9e. Il eut un immense succ\u00e8s mais le gouvernement de Napol\u00e9on III racheta l\u2019\u00e9dition en 1856 pour la d\u00e9truire, au moment de la conf\u00e9rence de Paris o\u00f9 s\u2019\u00e9laborait le trait\u00e9 de paix.<\/span><\/figcaption><\/figure>\n<\/div>\n\n\n<p class=\"has-large-font-size\"><strong>1812<\/strong><\/p>\n\n\n\n<p>La campagne de <strong>Napol\u00e9on <\/strong>fut un \u00e9chec, mais ainsi que l\u2019affirment certains historiens en Occident, ce ne fut pas pour des questions strat\u00e9giques. Le plan de l\u2019empereur consistait \u00e0 s\u2019emparer des ouvrages d\u00e9fensifs de la Dvina et du Dnipr, constituer dans ces forteresses des stocks de munitions et toute l&rsquo;intendance n\u00e9cessaire aux arm\u00e9es, reprendre la campagne au printemps 1813 et ensuite seulement marcher sur Moscou. Les t\u00e9m\u00e9rit\u00e9s du Corse, la foi en sa bonne \u00e9toile et les conseils de mar\u00e9chaux impatients pousseront Napol\u00e9on \u00e0 abandonner le plan initial pour se pr\u00e9cipiter \u2014 en plein hiver \u2014 vers sa perte, pourtant \u00e9vitable. L\u2019impr\u00e9paration de cette campagne, inadapt\u00e9e aux conditions hivernales, allait faire le reste. D\u2019apr\u00e8s certains auteurs, une meilleure pr\u00e9paration des troupes d\u2019invasion aurait m\u00eame permis d\u2019abandonner Moscou, sans pour autant entra\u00eener une d\u00e9faite. En battant en retraite, les Fran\u00e7ais auraient \u00e9t\u00e9 en mesure d\u2019affronter les Moskals \u00e0 Vilnius avec des forces deux fois plus importantes. L\u2019\u00e9chec n\u2019est pas imputable aux d\u00e9faillances du plan d\u2019invasion, ajoutent ces auteurs, mais aux d\u00e9fauts de son ex\u00e9cution, le principal d\u2019entre eux ayant \u00e9t\u00e9, une fois de plus, d&rsquo;ordre politique.<\/p>\n\n\n\n<figure class=\"wp-block-pullquote has-medium-font-size\"><blockquote><p>C\u2019est la politique, et non des consid\u00e9rations militaro-strat\u00e9giques, qui fit \u00e9chouer les attaques contre la Moscovie<\/p><\/blockquote><\/figure>\n\n\n\n<p>Lorsque les troupes de Napol\u00e9on s\u2019empar\u00e8rent de la Pologne, de la Ruth\u00e9nie Blanche<sup class=\"modern-footnotes-footnote modern-footnotes-footnote--hover-on-desktop \" data-mfn=\"7\" data-mfn-post-scope=\"00000000000007780000000000000000_15\"><a href=\"javascript:void(0)\"  role=\"button\" aria-pressed=\"false\" aria-describedby=\"mfn-content-00000000000007780000000000000000_15-7\">7<\/a><\/sup><span id=\"mfn-content-00000000000007780000000000000000_15-7\" role=\"tooltip\" class=\"modern-footnotes-footnote__note\" tabindex=\"0\" data-mfn=\"7\">B\u00e9larus : de \u00ab\u00a0bila\u00a0\u00bb, blanche, et \u00ab\u00a0Rous\u00a0\u00bb, la Ruth\u00e9nie.<\/span>, d\u2019une partie des terres moscovites, et se trouvant aux portes de l\u2019Ukraine, l\u2019abattement et l\u2019esprit de d\u00e9faite commenc\u00e8rent \u00e0 gagner la population, et jusqu&rsquo;\u00e0 l\u2019arm\u00e9e elle-m\u00eame. On sait, gr\u00e2ce aux m\u00e9moires russes de l\u2019\u00e9poque, quel abattement moral le d\u00e9peuplement de Moscou avait provoqu\u00e9. Battue \u00e0 Borodino, l\u2019arm\u00e9e russe dont une partie reculait via Moscou, se voyait conspu\u00e9e et vilipend\u00e9e par les habitants de la capitale. Sa combativit\u00e9 \u00e9tait entam\u00e9e. On sait \u00e9galement qu\u2019en Ruth\u00e9nie Blanche des pr\u00eatres firent pr\u00eater all\u00e9geance \u00e0 l\u2019empereur, tandis que demeure c\u00e9l\u00e8bre en Ukraine la fameuse allocution de <strong>Loukachevytch<\/strong>, mar\u00e9chal \u00e9lu de la noblesse, qui en plein banquet porta un toast en l\u2019honneur de Napol\u00e9on. Cette bravade ne fut sans doute qu\u2019un acte isol\u00e9, mais le seul fait de n\u2019avoir provoqu\u00e9 aucun scandale dans un pays encore occup\u00e9 par l\u2019arm\u00e9e russe, r\u00e9v\u00e8le \u00e0 lui seul l\u2019\u00e9norme perte de prestige qu\u2019avait subie cette derni\u00e8re. <\/p>\n\n\n\n<p>Point crucial, l\u2019agitation commen\u00e7ait \u00e0 gagner les campagnes. Des rumeurs pr\u00e9sentaient Napol\u00e9on comme le \u00ab&nbsp;fils cach\u00e9&nbsp;\u00bb d\u2019<em>Ekaterina<\/em> venu lib\u00e9rer les paysans<sup class=\"modern-footnotes-footnote modern-footnotes-footnote--hover-on-desktop \" data-mfn=\"8\" data-mfn-post-scope=\"00000000000007780000000000000000_15\"><a href=\"javascript:void(0)\"  role=\"button\" aria-pressed=\"false\" aria-describedby=\"mfn-content-00000000000007780000000000000000_15-8\">8<\/a><\/sup><span id=\"mfn-content-00000000000007780000000000000000_15-8\" role=\"tooltip\" class=\"modern-footnotes-footnote__note\" tabindex=\"0\" data-mfn=\"8\">NDT : Le tsar Paul Ier, fils et successeur de Catherine II, avait entam\u00e9 quelques r\u00e9formes afin d\u2019adoucir le sort des serfs, mais elles ne furent jamais appliqu\u00e9es.&nbsp;<\/span>; des jacqueries \u00e9clat\u00e8rent contre les intendants f\u00e9odaux. On conseillait \u00e0 Napol\u00e9on d\u2019affranchir les paysans par d\u00e9cret, de quoi mettre le feu aux poudres et embraser l\u2019arm\u00e9e russe (elle-m\u00eame compos\u00e9e de cerfs-paysans), \u00e9branler les d\u00e9fenses du pays et l\u2019assise m\u00eame du pouvoir tsariste\u2026 Or Napol\u00e9on n\u2019en fit rien. Au contraire, ses propres troupes eurent parfois \u00e0 mater ces r\u00e9voltes pour ne pas laisser libre cours aux \u00e9meutes populaires. Et c\u2019est alors que ces \u00e9meutes se retourn\u00e8rent contre lui.<\/p>\n\n\n\n<p>Plus tard, il allait regretter cette occasion manqu\u00e9e, comme en t\u00e9moignent les m\u00e9moires de son aide-de-camp, Coulaincourt, avec lequel il fit la longue route en tra\u00eeneau de Moscou \u00e0 Paris au cours de l\u2019hiver 1812. Plus tard, il s\u2019int\u00e9resserait \u00e0 <em>L\u2019En\u00e9\u00efde cosaque<\/em> de Kotlyarevsk\u00e9\u00ef.<sup class=\"modern-footnotes-footnote modern-footnotes-footnote--hover-on-desktop \" data-mfn=\"9\" data-mfn-post-scope=\"00000000000007780000000000000000_15\"><a href=\"javascript:void(0)\"  role=\"button\" aria-pressed=\"false\" aria-describedby=\"mfn-content-00000000000007780000000000000000_15-9\">9<\/a><\/sup><span id=\"mfn-content-00000000000007780000000000000000_15-9\" role=\"tooltip\" class=\"modern-footnotes-footnote__note\" tabindex=\"0\" data-mfn=\"9\">NDT : \u00ab\u00a0L&rsquo;En\u00e9\u00efde travestie\u00a0\u00bb, premi\u00e8re \u0153uvre litt\u00e9raire publi\u00e9e en ukrainien \u00ab\u00a0moderne\u00a0\u00bb (1798).<\/span> Plus tard, il ordonnerait \u00e0 <strong>Lesur <\/strong>d\u2019\u00e9crire une histoire des cosaques d\u2019Ukraine (et du Don) vus comme \u00e9l\u00e9ment porteur de l\u2019empire moscovite \u00e0 travers les \u00e2ges. Mais il sera trop tard\u2026<\/p>\n\n\n\n<p>On voit donc comment l\u2019Occident, y compris dans cette entreprise, eut scrupule \u00e0 employer des armes que la Moscovie ne cessait d\u2019employer contre lui&nbsp;: \u00e0 commencer par l\u2019agitation men\u00e9e en Ukraine contre l\u2019\u00e9lite cosaque (la <em>starch\u00e9na<\/em>)<sup class=\"modern-footnotes-footnote modern-footnotes-footnote--hover-on-desktop \" data-mfn=\"10\" data-mfn-post-scope=\"00000000000007780000000000000000_15\"><a href=\"javascript:void(0)\"  role=\"button\" aria-pressed=\"false\" aria-describedby=\"mfn-content-00000000000007780000000000000000_15-10\">10<\/a><\/sup><span id=\"mfn-content-00000000000007780000000000000000_15-10\" role=\"tooltip\" class=\"modern-footnotes-footnote__note\" tabindex=\"0\" data-mfn=\"10\">Caste dirigeante.<\/span>, en Pologne contre la noblesse (la <em>szlachta)<\/em>, dans les Balkans contre les \u00ab&nbsp;beys&nbsp;\u00bb turcs, et de nos jours, o\u00f9 qu&rsquo;elle soit, contre la \u00ab&nbsp;bourgeoisie&nbsp;\u00bb. Mais surtout, l\u2019Occident n\u2019avait pas pris en compte la question nationale, la composition plurinationale de cet empire malb\u00e2ti, ni ses lignes de clivage nationales pourtant offertes au coup de masse qui aurait pourfendu la Russie. Ce qui \u00e9tait vrai hier l\u2019est encore de nos jours. C\u2019est la politique, et non des consid\u00e9rations militaro-strat\u00e9giques qui fit \u00e9chouer les attaques contre la Moscovie.<\/p>\n\n\n\n<p><\/p>\n\n\n\n<p class=\"has-large-font-size\"><strong>1853<\/strong><\/p>\n\n\n\n<p>Durant la guerre de Crim\u00e9e (apr\u00e8s la mainmise de la Russie sur la Roumanie) et par chance pour l\u2019Europe et l\u2019humanit\u00e9, la politique europ\u00e9enne eut \u00e0 sa t\u00eate des hommes d\u2019\u00c9tat clairvoyants. L\u2019Angleterre mit en place une coalition antirusse comprenant la Turquie, la France de Napol\u00e9on III, le royaume de Sardaigne et elle-m\u00eame. Cette coalition allait chasser les Moskals de Roumanie et des Balkans, mettre en pi\u00e8ces l\u2019arm\u00e9e du tsar en Crim\u00e9e, s\u2019emparer de S\u00e9bastopol, envoyer la flotte russe par le fond, pousser le tsar Nikala\u00ef 1<sup>er<\/sup> \u00e0 prendre un poison et le nouveau \u00e0 demander une paix aux conditions humiliantes : ni flotte ni place forte russes en mer Noire. &nbsp;<\/p>\n\n\n\n<figure class=\"wp-block-pullquote has-medium-font-size\"><blockquote><p>Quand la politique se donnait les moyens d\u2019en finir avec la Russie, les succ\u00e8s \u00e9taient au rendez-vous<\/p><\/blockquote><\/figure>\n\n\n\n<p>Quand la politique se donnait les moyens d\u2019en finir avec la Russie, les succ\u00e8s \u00e9tait au rendez-vous. Succ\u00e8s mitig\u00e9s, il est vrai, et comme toujours, pour des raisons politiques. Les alli\u00e9s occidentaux attendaient obstin\u00e9ment l\u2019entr\u00e9e de l\u2019Autriche-Hongrie dans la coalition. La monarchie habsbourgeoise, avant que la Prusse n\u2019ach\u00e8ve l\u2019unit\u00e9 allemande, \u00e9tait alors (France except\u00e9e) la premi\u00e8re puissance militaire d&rsquo;Europe. Son entr\u00e9e en guerre e\u00fbt port\u00e9 un coup plus lourd sur la Russie, jusqu\u2019\u00e0 bousculer son statut de grande puissance. Or l\u2019Autriche allait rester neutre, se contentant de quelques d\u00e9monstrations de force aux fronti\u00e8res\u2026<\/p>\n\n\n\n<p><\/p>\n\n\n\n<p class=\"has-large-font-size\"><strong>1871<\/strong><\/p>\n\n\n\n<p>\u00c0 peine 22 ans apr\u00e8s le trait\u00e9 de Paris ayant mis fin \u00e0 la campagne de Crim\u00e9e, l\u2019ours moscovite profiterait de la d\u00e9route de la France en 1871 pour s\u2019avancer une fois de plus dans les Balkans. Les arm\u00e9es du tsar cantonn\u00e9es aux portes de Constantinople \u00e9taient \u00e0 deux doigts d\u2019y entrer\u2026 La r\u00e9action \u00e9nergique de la Grande-Bretagne, concentrant sa marine de guerre au large des c\u00f4tes turques, allait faire reculer le tsar, non seulement devant Constantinople, mais dans les Balkans en g\u00e9n\u00e9ral.<\/p>\n\n\n\n<p><\/p>\n\n\n\n<p class=\"has-large-font-size\"><strong>1905<\/strong><\/p>\n\n\n\n<p>En 1905, durant la guerre russo-japonaise, la Russie d\u00e9faite ne fut sauv\u00e9e de la catastrophe qu\u2019en s\u2019attirant la bienveillance de l&rsquo;Occident. Elle se r\u00e9signera alors \u00e0 la paix, moins par crainte des forces japonaises que d\u2019une r\u00e9volution, laquelle finira d\u2019ailleurs par \u00e9clater en octobre 1905. L\u2019affaire \u00e9tait s\u00e9rieuse et ce n\u2019est qu\u2019\u00e0 grand-peine que le r\u00e9gime tsariste parviendra \u00e0 ramener le courant r\u00e9volutionnaire dans l\u2019opposition l\u00e9gale (la Douma). La Russie \u00e9cras\u00e9e \u00e0 l\u2019Est, min\u00e9e au-dedans par une r\u00e9volution et attaqu\u00e9e \u00e0 l\u2019Ouest par ses voisins allemands et austro-hongrois, aurait perdu son empire. Qui sait si les <strong>nations d\u2019Extr\u00eame-Occident<\/strong> auraient vol\u00e9 \u00e0 son secours, vu sa situation d\u00e9sesp\u00e9r\u00e9e en Extr\u00eame-Orient, avec une r\u00e9volution battant son plein \u00e0 l\u2019int\u00e9rieur, et des troupes fra\u00eeches l\u2019attaquant par l\u2019Ouest. D\u2019autant plus qu\u2019un soutien am\u00e9ricain en 1905 \u00e9tait militairement et psychologiquement exclu. L\u2019Allemagne pourtant, n\u2019entra point en guerre. Au contraire, Guillaume assura le tsar de son amiti\u00e9. Et pour les remercier de cette neutralit\u00e9, en 1914 la Russie envahira ses voisins de l&rsquo;ouest.<\/p>\n\n\n\n<p class=\"has-large-font-size\"><strong>Ann\u00e9es 1950<\/strong><\/p>\n\n\n\n<p>Arriv\u00e9s au temps pr\u00e9sent, nous observons la m\u00eame chose&nbsp;: les Alli\u00e9s ont gagn\u00e9 la guerre contre les Allemands, mais ont perdu la paix. Si la Russie menace \u00e0 pr\u00e9sent le monde entier, ce n\u2019est pas gr\u00e2ce \u00e0 sa puissance militaire, mais \u00e0 cause de la politique prorusse men\u00e9e par l\u2019Occident. Sa puissance, elle la tient de ce que l\u2019Occident lui ait c\u00e9d\u00e9 \u2014 pour rien \u2014 la Mandchourie, en violation des accords avec la Chine&nbsp;; de ce que l&rsquo;Occident n\u2019ait pas lanc\u00e9 d\u2019offensive dans les Balkans, conform\u00e9ment aux souhaits de Staline et de Roosevelt&nbsp;; de ce que l&rsquo;Occident ait c\u00e9d\u00e9 la Tch\u00e9co-Slovaquie aux Moskals, alors qu\u2019il aurait plus vite fait de l\u2019occuper lui-m\u00eame&nbsp;; et de ce que l&rsquo;Occident ait c\u00e9d\u00e9 \u00e0 Moscou les Balkans, tout comme la ligne de l\u2019Elbe<sup class=\"modern-footnotes-footnote modern-footnotes-footnote--hover-on-desktop \" data-mfn=\"11\" data-mfn-post-scope=\"00000000000007780000000000000000_15\"><a href=\"javascript:void(0)\"  role=\"button\" aria-pressed=\"false\" aria-describedby=\"mfn-content-00000000000007780000000000000000_15-11\">11<\/a><\/sup><span id=\"mfn-content-00000000000007780000000000000000_15-11\" role=\"tooltip\" class=\"modern-footnotes-footnote__note\" tabindex=\"0\" data-mfn=\"11\">Ligne de contact entre les Alli\u00e9s occidentaux (principalement am\u00e9ricains) et l\u2019Arm\u00e9e rouge en 1945, par la suite fronti\u00e8re entre les deux Allemagnes.<\/span> sans y \u00eatre oblig\u00e9.<\/p>\n\n\n\n<figure class=\"wp-block-pullquote has-text-align-center has-medium-font-size\"><blockquote><p>Cette l\u00e9gende d\u2019une Russie invincible est \u00e0 \u00e9carter \u2014 ce n\u2019est qu\u2019une l\u00e9gende<\/p><\/blockquote><\/figure>\n\n\n\n<p>L\u2019Occident a lui-m\u00eame d\u00e9truit toutes les digues \u00e9rig\u00e9es contre l\u2019expansion moscovite \u00e0 l\u2019Ouest et en Extr\u00eame-Orient, sans les remplacer par ses propres digues. L\u2019Occident se refuse absolument \u00e0 voir en cet empire difforme un amas de diff\u00e9rentes nationalit\u00e9s, rejette en bloc tout programme de d\u00e9membrement de la Russie et refuse obstin\u00e9ment d&#8217;employer la seule arme \u00e0 m\u00eame de disloquer l\u2019empire et d&rsquo;oblit\u00e9rer son imp\u00e9rialisme. Rien d\u2019\u00e9tonnant \u00e0 ce que la Russie se fasse grosse comme un crapaud et croisse comme chose qui fermente&nbsp;! Aucun rapport, en l\u2019occurrence, avec l\u2019impossibilit\u00e9 d\u2019envahir la Russie par l\u2019ouest ou par l\u2019est. Aucun rapport avec les grands espaces de l\u2019empire. La mont\u00e9e du p\u00e9ril russe n\u2019a pour origine que l\u2019indolence de la pens\u00e9e politique occidentale. &nbsp;<\/p>\n\n\n\n<p><\/p>\n\n\n\n<p class=\"has-large-font-size\"><strong>1918, 1941<\/strong><\/p>\n\n\n\n<p>M\u00eame cas de figure lors de l\u2019invasion allemande de 1918, dont l\u2019\u00e9chec \u2014 pour peu qu\u2019on l\u2019ignore \u2014 ne r\u00e9sidait point dans les capacit\u00e9s militaires d\u2019une Russie d\u00e9faite et militairement inexistante. L\u2019\u00e9chec de cette invasion eut pour cause les forces occidentales s&rsquo;opposant \u00e0 la chute du nouvel empire bolchevique, tout comme elles s\u2019\u00e9taient oppos\u00e9es \u00e0 la chute du tsarisme en 1905. <\/p>\n\n\n\n<p>M\u00eame causes, m\u00eames effets en 1941-1945. Une fois de plus, \u00e0 cause de la politique indolente du national-socialisme principalement, et tout particuli\u00e8rement en Ukraine, en Pologne et les Pays Baltes ; politique refusant de miser sur la libert\u00e9 des peuples encha\u00een\u00e9s, et misant tout en revanche sur la nouvelle \u00ab\u2009Russie blanche\u2009\u00bb avec un <strong>g\u00e9n\u00e9ral<\/strong> <strong>Vlassov<\/strong> \u00e0 sa t\u00eate\u2026 Les politiques ne font pas autre chose aujourd\u2019hui, lorsqu\u2019ils ignorent l\u2019Ukraine et les autres nations en mal de libert\u00e9, pour miser sur le cadavre politique et panrusse de Kerenski.<sup class=\"modern-footnotes-footnote modern-footnotes-footnote--hover-on-desktop \" data-mfn=\"12\" data-mfn-post-scope=\"00000000000007780000000000000000_15\"><a href=\"javascript:void(0)\"  role=\"button\" aria-pressed=\"false\" aria-describedby=\"mfn-content-00000000000007780000000000000000_15-12\">12<\/a><\/sup><span id=\"mfn-content-00000000000007780000000000000000_15-12\" role=\"tooltip\" class=\"modern-footnotes-footnote__note\" tabindex=\"0\" data-mfn=\"12\">NDT : Apr\u00e8s la chute du tsarisme, Alexandre Kerenski dirigea le gouvernement provisoire \u00ab\u2009panrusse\u2009\u00bb, c\u2019est-\u00e0-dire \u00ab\u2009de tous les territoires de l\u2019empire\u2009\u00bb. Il ne reconnut jamais l\u2019Ukraine dans ses fronti\u00e8res. En migration, il prendra le parti de Samuel Schwartbard, assassin de Petlioura.<\/span> Non, cette l\u00e9gende d&rsquo;une Russie invincible tr\u00e8s appr\u00e9ci\u00e9e des Moskals est \u00e0 \u00e9carter \u2014 ce n\u2019est qu\u2019une l\u00e9gende. Parlons plut\u00f4t de l\u2019Occident et de sa r\u00e9ticence \u00e0 abattre le monstre moscovite.&nbsp;<\/p>\n\n\n\n<p>Est-ce une raison pour tomber dans le d\u00e9sespoir\u2009? Aucunement. Et bien que cet \u00e9tat de fait soit extraordinairement triste, il ne nous donne pas droit au d\u00e9faitisme ni au renoncement. Contre cette pusillanimit\u00e9 ou cette indiff\u00e9rence de l\u2019Occident, nous pourrions r\u00e9p\u00e9ter ce que disait d\u00e9j\u00e0 le dernier num\u00e9ro du\u2009<em>Bulletin <\/em>paru \u00e0 Lviv, juste avant la guerre, en ao\u00fbt 1939. Lisez plut\u00f4t&nbsp;: <\/p>\n\n\n\n<p>\u00ab\u2009<em>C\u2019est dans les circonstances les moins propices que le probl\u00e8me ukrainien et sa port\u00e9e internationale prenaient de l\u2019ampleur et refaisaient surface. Ni l&rsquo;\u00e9poque de la puissance du tsarisme \u00e0 son apog\u00e9e, au temps de son alliance avec les deux plus grandes d\u00e9mocraties d\u2019Europe occidentale, ni l&rsquo;\u00e9poque du soutien par ces m\u00eames d\u00e9mocraties de la contre-r\u00e9volution russe men\u00e9e en Ukraine, ni l&rsquo;\u00e9poque de Rapallo (amiti\u00e9 germano-russe des ann\u00e9es&nbsp;1920) ni celle des yeux doux de la France \u00e0 l&rsquo;URSS, n\u2019ont pu \u00e9liminer ce probl\u00e8me. Et ce n\u2019est pas telle prouesse de Staline ou d\u2019Hitler qui le pourra.<\/em>\u2009\u00bb<\/p>\n\n\n\n<p>Plus bas dans l&rsquo;article&nbsp;: \u00ab\u2009<em>Parler d\u2019une quelconque \u00e9limination du probl\u00e8me ukrainien au pr\u00e9texte d\u2019une \u00e9ph\u00e9m\u00e8re conjoncture internationale n\u2019est pas \u00e0 l\u2019ordre du jour\u2026 Nulle autre que l&rsquo;Ukraine devra mettre en avant des hommes capables de poser ce probl\u00e8me en rapport avec sa grandeur. Des hommes, oui, mais pas de paille<\/em>\u2009\u00bb.<sup class=\"modern-footnotes-footnote modern-footnotes-footnote--hover-on-desktop \" data-mfn=\"13\" data-mfn-post-scope=\"00000000000007780000000000000000_15\"><a href=\"javascript:void(0)\"  role=\"button\" aria-pressed=\"false\" aria-describedby=\"mfn-content-00000000000007780000000000000000_15-13\">13<\/a><\/sup><span id=\"mfn-content-00000000000007780000000000000000_15-13\" role=\"tooltip\" class=\"modern-footnotes-footnote__note\" tabindex=\"0\" data-mfn=\"13\">Le Bulletin (<em>Vistnyk<\/em>), 1939, livre 9, pp. 676-677). <\/span> Dix ans plus tard, l\u2019argument peut \u00eatre r\u00e9it\u00e9r\u00e9. Surtout la derni\u00e8re phrase, \u00e0 r\u00e9p\u00e9ter sans rel\u00e2che\u2026 <\/p>\n\n\n<div class=\"wp-block-image\">\n<figure class=\"aligncenter size-full\"><img loading=\"lazy\" decoding=\"async\" width=\"220\" height=\"88\" src=\"https:\/\/ukraine-rous.fr\/wp-content\/uploads\/2022\/10\/Dmytro_Dontsov_Signatute_1918.png\" alt=\"\" class=\"wp-image-102\"\/><figcaption class=\"wp-element-caption\">Dr. D. DONTSOV<\/figcaption><\/figure>\n<\/div>\n\n\n<div class=\"wp-block-cover is-light has-custom-content-position is-position-bottom-right\" style=\"min-height:100vh;aspect-ratio:unset;\"><img loading=\"lazy\" decoding=\"async\" width=\"1024\" height=\"1024\" class=\"wp-block-cover__image-background wp-image-3899 size-full\" alt=\"\" src=\"https:\/\/ukraine-rous.fr\/wp-content\/uploads\/2022\/10\/dontsov-ai.png\" style=\"object-position:52% 0%\" data-object-fit=\"cover\" data-object-position=\"52% 0%\" srcset=\"https:\/\/ukraine-rous.fr\/wp-content\/uploads\/2022\/10\/dontsov-ai.png 1024w, https:\/\/ukraine-rous.fr\/wp-content\/uploads\/2022\/10\/dontsov-ai-300x300.png 300w, https:\/\/ukraine-rous.fr\/wp-content\/uploads\/2022\/10\/dontsov-ai-150x150.png 150w, https:\/\/ukraine-rous.fr\/wp-content\/uploads\/2022\/10\/dontsov-ai-768x768.png 768w, https:\/\/ukraine-rous.fr\/wp-content\/uploads\/2022\/10\/dontsov-ai-180x180.png 180w, https:\/\/ukraine-rous.fr\/wp-content\/uploads\/2022\/10\/dontsov-ai-400x400.png 400w, https:\/\/ukraine-rous.fr\/wp-content\/uploads\/2022\/10\/dontsov-ai-600x600.png 600w, https:\/\/ukraine-rous.fr\/wp-content\/uploads\/2022\/10\/dontsov-ai-800x800.png 800w\" sizes=\"auto, (max-width: 1024px) 100vw, 1024px\" \/><span aria-hidden=\"true\" class=\"wp-block-cover__background has-background-dim\" style=\"background-color:#838383\"><\/span><div class=\"wp-block-cover__inner-container is-layout-flow wp-block-cover-is-layout-flow\">\n<p class=\"has-text-align-left retrait has-medium-font-size\">Dmytro DONTSOV (1883 &#8211; 1973)<br>P\u00e8re spirituel du nationalisme ukrainien des ann\u00e9es Trente, bien que la plupart des nationalistes ukrainiens aient re\u00e7u ses \u00e9crits sans la teneur extr\u00eame qui les caract\u00e9risait alors. \u00ab\u00a0D\u00e9provincialisateur\u00a0\u00bb au ton volontiers provocateur, Dontsov ne supportait pas les mous, les ind\u00e9cis et malgr\u00e9 ses propres racines, la Russie.<\/p>\n<\/div><\/div>\n\n\n\n<p class=\"has-text-align-right\"><\/p>\n\n\n\n<hr class=\"wp-block-separator has-alpha-channel-opacity\"\/>\n\n\n\n<div class=\"wp-block-columns are-vertically-aligned-bottom is-layout-flex wp-container-core-columns-is-layout-9d6595d7 wp-block-columns-is-layout-flex\">\n<div class=\"wp-block-column is-vertically-aligned-bottom is-layout-flow wp-block-column-is-layout-flow\" style=\"flex-basis:100%\">\n<p class=\"sources\"><strong><a title=\"\" href=\"https:\/\/diasporiana.org.ua\/wp-content\/uploads\/books\/3956\/file.pdf\" target=\"_blank\" rel=\"noopener\">Source originale en ligne<\/a> <\/strong>parue dans \u00ab\u00a0Visnyk\u00a0\u00bb, bulletin officiel de l&rsquo;<em>Association pour la d\u00e9fense des quatre libert\u00e9s de l&rsquo;Ukraine<\/em>, New York, janvier 1950, p. 7. En ukrainien : <em>\u0427\u0438 \u0420\u043e\u0441\u0456\u044f \u0454 \u043d\u0435\u043f\u043e\u0431\u043e\u0440\u043d\u0430 ?<\/em> \u0414\u043c\u0438\u0442\u0440\u043e \u0414\u043e\u043d\u0446\u043e\u0432, \u00ab\u00a0\u0412\u0456\u0441\u043d\u0438\u043a \u041e\u041e\u0427\u0421\u0423\u00a0\u00bb , \u043e\u0440\u0433\u0430\u043d \u041e\u0440\u0433\u0430\u043d\u0456\u0437\u0430\u0446\u0456\u0457 \u043e\u0431\u043e\u0440\u043e\u043d\u0438 \u0447\u043e\u0442\u0438\u0440\u044c\u043e\u0445 \u0441\u0432\u043e\u0431\u0456\u0434 \u0423\u043a\u0440\u0430\u0457\u043d\u0438, \u0441\u0456\u0447\u0435\u043d\u044c 1950, \u041d\u044c\u044e-\u0419\u043e\u0440\u043a.<\/p>\n\n\n\n<p class=\"sources\"><strong>L\u2019avis de Dontsov n\u2019est pas isol\u00e9<\/strong>. S&rsquo;il \u00e9tait encore marginal \u00e0 l&rsquo;aube du 24 f\u00e9vrier 2022, il est aujourd\u2019hui largement repris et d\u00e9velopp\u00e9 dans les \u00ab\u00a0think tanks\u00a0\u00bb occidentaux. Sans parler de l&rsquo;Opinion ukrainienne, qui trois jours seulement apr\u00e8s l&rsquo;attaque globale s&rsquo;\u00e9tait d\u00e9j\u00e0 \u00ab\u00a0dontsovis\u00e9e\u00a0\u00bb. Trois ans et demi plus tard, cette foi en la Victoire demeure tr\u00e8s vive. Or, seul un cinqui\u00e8me des Ukrainiens croient en l&rsquo;\u00e9clatement du <em>katsapstan <\/em>(c&rsquo;est ainsi qu&rsquo;on appele la \u00ab\u00a0F\u00e9d\u00e9ration\u00a0\u00bb de Russie en Ukraine). Opinion est bien plus partag\u00e9e en Pologne et dans les pays baltes, tandis que dans les pays d&rsquo;Europe on pr\u00e9f\u00e8re par \u00ab\u00a0prudence\u00a0\u00bb soutenir l&rsquo;int\u00e9grit\u00e9 territoriale du katsapstan. Comme quoi, toutes les le\u00e7ons du Dr Dontsov n&rsquo;ont pas encore \u00e9t\u00e9 apprises&#8230; <\/p>\n\n\n\n<p class=\"sources\"><strong>En couverture <\/strong>: Poutine prenant la place du diable, sur la fameuse fresque du Bon et Mauvais gouvernement (Salle des Neuf \u00e0 Sienne). Un tyran mal\u00e9fique entour\u00e9 de figures repr\u00e9sente la cruaut\u00e9, la discorde, la fraude, la guerre, la col\u00e8re et la tyrannie&#8230;<\/p>\n<\/div>\n<\/div>\n\n\n\n<p class=\"sources\"><\/p>\n","protected":false},"excerpt":{"rendered":"<p>Dontsov posait dans les ann\u00e9es Cinquante la question que tout le monde se pose aujourd&rsquo;hui<\/p>\n","protected":false},"author":2,"featured_media":3200,"comment_status":"open","ping_status":"open","sticky":false,"template":"","format":"standard","meta":{"footnotes":""},"categories":[4],"tags":[6,5,8,7,9],"class_list":["post-15","post","type-post","status-publish","format-standard","has-post-thumbnail","hentry","category-histoire-politique","tag-decolonisation","tag-dontsov","tag-guerre","tag-occident","tag-traductions","post--single"],"_links":{"self":[{"href":"https:\/\/ukraine-rous.fr\/index.php?rest_route=\/wp\/v2\/posts\/15","targetHints":{"allow":["GET"]}}],"collection":[{"href":"https:\/\/ukraine-rous.fr\/index.php?rest_route=\/wp\/v2\/posts"}],"about":[{"href":"https:\/\/ukraine-rous.fr\/index.php?rest_route=\/wp\/v2\/types\/post"}],"author":[{"embeddable":true,"href":"https:\/\/ukraine-rous.fr\/index.php?rest_route=\/wp\/v2\/users\/2"}],"replies":[{"embeddable":true,"href":"https:\/\/ukraine-rous.fr\/index.php?rest_route=%2Fwp%2Fv2%2Fcomments&post=15"}],"version-history":[{"count":61,"href":"https:\/\/ukraine-rous.fr\/index.php?rest_route=\/wp\/v2\/posts\/15\/revisions"}],"predecessor-version":[{"id":3997,"href":"https:\/\/ukraine-rous.fr\/index.php?rest_route=\/wp\/v2\/posts\/15\/revisions\/3997"}],"wp:featuredmedia":[{"embeddable":true,"href":"https:\/\/ukraine-rous.fr\/index.php?rest_route=\/wp\/v2\/media\/3200"}],"wp:attachment":[{"href":"https:\/\/ukraine-rous.fr\/index.php?rest_route=%2Fwp%2Fv2%2Fmedia&parent=15"}],"wp:term":[{"taxonomy":"category","embeddable":true,"href":"https:\/\/ukraine-rous.fr\/index.php?rest_route=%2Fwp%2Fv2%2Fcategories&post=15"},{"taxonomy":"post_tag","embeddable":true,"href":"https:\/\/ukraine-rous.fr\/index.php?rest_route=%2Fwp%2Fv2%2Ftags&post=15"}],"curies":[{"name":"wp","href":"https:\/\/api.w.org\/{rel}","templated":true}]}}